{"id":7415,"date":"2025-07-19T15:41:01","date_gmt":"2025-07-19T13:41:01","guid":{"rendered":"http:\/\/www.benedictinsetiolles.org\/?p=7415"},"modified":"2026-03-21T13:34:37","modified_gmt":"2026-03-21T12:34:37","slug":"les-propositions-2025-2026","status":"publish","type":"post","link":"http:\/\/www.benedictinsetiolles.org\/index.php\/2025\/07\/19\/les-propositions-2025-2026\/","title":{"rendered":"Les propositions 2025-2026"},"content":{"rendered":"\n<figure class=\"wp-block-image size-full is-resized\"><img loading=\"lazy\" decoding=\"async\" width=\"700\" height=\"525\" src=\"http:\/\/www.benedictinsetiolles.org\/wp-content\/uploads\/2023\/06\/Benoit-Jouarre-1-1.jpg\" alt=\"\" class=\"wp-image-5858\" style=\"width:261px;height:auto\" srcset=\"http:\/\/www.benedictinsetiolles.org\/wp-content\/uploads\/2023\/06\/Benoit-Jouarre-1-1.jpg 700w, http:\/\/www.benedictinsetiolles.org\/wp-content\/uploads\/2023\/06\/Benoit-Jouarre-1-1-300x225.jpg 300w\" sizes=\"auto, (max-width: 700px) 100vw, 700px\" \/><\/figure>\n\n\n\n<h3 class=\"wp-block-heading has-header-gradient-color has-text-color has-link-color wp-elements-384bdc2e0693da2faf7b658491360f59\"><strong>PROGRAMME DES PROPOSITIONS <\/strong><strong>2025 &#8211; 2026<\/strong> DU PRIEUR\u00c9 SAINT BENO\u00ceT<\/h3>\n\n\n\n<p><a href=\"http:\/\/www.benedictinsetiolles.org\/index.php\/prier\/contacts\/#propo\">Contact<\/a><\/p>\n\n\n\n<h2 class=\"wp-block-heading\" id=\"pp1\">&gt;&gt;&gt;<\/h2>\n\n\n\n<h2 class=\"wp-block-heading has-header-gradient-color has-text-color has-link-color wp-elements-86616ab58015deaca4092c717c919a8a\">Proposition n\u00b0 1&nbsp;: Une lecture de l\u2019\u00e9vangile de Jean <\/h2>\n\n\n\n<h3 class=\"wp-block-heading has-header-gradient-color has-text-color has-link-color wp-elements-5ee20785588a5b956e7f51cac517e41d\">avec Fr. Paul<\/h3>\n\n\n\n<p>L\u2019\u00c9vangile selon Saint Jean\u2026 un texte souvent tenu pour difficile et, cependant, d\u2019une richesse extraordinaire. Il est bien connu que le quatri\u00e8me \u00e9vangile ne parle pas de \u00ab&nbsp;miracles&nbsp;\u00bb mais de \u00ab&nbsp;signes&nbsp;\u00bb.<\/p>\n\n\n\n<p><em>\u00ab&nbsp;Tel fut, \u00e0 Cana de Galil\u00e9e, le commencement des signes de J\u00e9sus.<\/em><\/p>\n\n\n\n<p><em>Il manifesta sa gloire, et ses disciples crurent en lui&nbsp;\u00bb. Jn 2\/11<\/em><\/p>\n\n\n\n<p>Ainsi, cet \u00e9vangile est constitu\u00e9 pour une bonne part de grands r\u00e9cits de \u00ab&nbsp;signes&nbsp;\u00bb et de d\u00e9veloppements sous forme de discours pour fonder la foi chr\u00e9tienne.<\/p>\n\n\n\n<p>Nous partirons de ces r\u00e9cits pour approcher une compr\u00e9hension de cet \u00e9vangile de Jean&nbsp;: 8 s\u00e9ances ouvertes \u00e0 tous, les mardis ci-dessous de 18h30 \u00e0 20h&nbsp;:<\/p>\n\n\n\n<p class=\"has-pale-ocean-gradient-background has-background\">Mardis 7 octobre 2025 \u2013 4 novembre 2025 \u2013 9 d\u00e9cembre 2025 \u2013 13 janvier 2026 \u2013<\/p>\n\n\n\n<p class=\"has-pale-ocean-gradient-background has-background\">10 f\u00e9vrier 2026 \u2013 10 mars 2026 \u2013 12 mai 2026 \u2013 9 juin 2026.<\/p>\n\n\n\n<p><strong><a href=\"http:\/\/www.benedictinsetiolles.org\/wp-content\/uploads\/2025\/07\/bulletin.pdf\">Inscription obligatoire<\/a> \u00e0 l\u2019aide du bulletin <\/strong>.<\/p>\n\n\n\n<p><strong>Participation aux frais&nbsp;: 60 \u20ac ou 3 fois 20 \u20ac<\/strong><\/p>\n\n\n\n<h2 class=\"wp-block-heading\" id=\"pp2\">&gt;&gt;&gt;<\/h2>\n\n\n\n<h2 class=\"wp-block-heading has-header-gradient-color has-text-color has-link-color wp-elements-6b2224f0393bcd6f0564c91dca777d3c\">Proposition n\u00b0 2&nbsp;: \u00c0 l\u2019\u00e9coute de la vie avec la psychanalyse <\/h2>\n\n\n\n<h3 class=\"wp-block-heading has-header-gradient-color has-text-color has-link-color wp-elements-83dc46c5d3cf427e921fb82e26b0e1b1\">avec Fr. Daniel<\/h3>\n\n\n\n<p>Un livre simple et p\u00e9dagogique pour comprendre ce qu\u2019il en est de ce syst\u00e8me d\u2019\u00e9coute par le moyen de la psychanalyse.<\/p>\n\n\n\n<p>Nous partagerons les questions suscit\u00e9es par votre lecture du livre et nous essaierons d\u2019y apporter des \u00e9l\u00e9ments de r\u00e9ponse&nbsp;:<\/p>\n\n\n\n<p class=\"has-pale-ocean-gradient-background has-background\">le vendredi 3 octobre de 15h \u00e0 17h ou de 20h30 \u00e0 22h30 (au choix).<\/p>\n\n\n\n<p><strong><a href=\"http:\/\/www.benedictinsetiolles.org\/wp-content\/uploads\/2025\/07\/bulletin.pdf\">Inscription obligatoire<\/a> \u00e0 l\u2019aide du bulletin<\/strong>.<\/p>\n\n\n\n<p><strong>Participation aux frais&nbsp;: 15 \u20ac<\/strong><\/p>\n\n\n\n<h2 class=\"wp-block-heading\" id=\"pp3\">&gt;&gt;&gt;<\/h2>\n\n\n\n<h2 class=\"wp-block-heading has-header-gradient-color has-text-color has-link-color wp-elements-5b6e7e3d7ffbfcd9cf042ec4a12479a1\">Proposition n\u00b0 3&nbsp;: Atelier \u00ab\u00a0S&rsquo;\u00e9couter pour \u00e9couter le sacr\u00e9\u00a0\u00bb <\/h2>\n\n\n\n<h3 class=\"wp-block-heading has-header-gradient-color has-text-color has-link-color wp-elements-76bd342a4e00143c3a4ef685cf8518d6\">avec Marie-Sabine BERTIER BLANCHER<\/h3>\n\n\n\n<p>D\u00e9couvrir un texte biblique&nbsp;diff\u00e9remment, par notre corps dans son pr\u00e9sent,&nbsp;<br>pour en avoir un \u00e9clairage ajust\u00e9 \u00e0 nous dans notre quotidien.<\/p>\n\n\n\n<p>Nous y serons accompagn\u00e9s \u00e0 \u00e9couter un texte, nous laisser guider \u00e0 le traduire sans y penser dans notre langue personnelle du moment pr\u00e9sent,&nbsp;<br>Nous laisser saisir et sculpter par le texte, sentir notre corps habit\u00e9 par ce texte, &nbsp;<br>Nous nourrir de ce qui advient&nbsp;et de ce qui se partage.<\/p>\n\n\n\n<p class=\"has-pale-ocean-gradient-background has-background\">Les lundis 13 octobre 2025, 12 janvier 2026 et 13 avril 2026 de 9h30 \u00e0 12h<\/p>\n\n\n\n<p><strong><a href=\"http:\/\/www.benedictinsetiolles.org\/wp-content\/uploads\/2025\/07\/bulletin.pdf\">Inscription obligatoire. <\/a>Participation aux frais&nbsp;: 15 \u20ac par atelier<\/strong><\/p>\n\n\n\n<h2 class=\"wp-block-heading\" id=\"pp4\">&gt;&gt;&gt;<\/h2>\n\n\n\n<h2 class=\"wp-block-heading has-header-gradient-color has-text-color has-link-color wp-elements-42fa22b08ff8460d179f8119e0a63682\">Proposition n\u00b0 4&nbsp;: Rencontres-Partages pour prendre la mesure de questions radicales traversant le monde et l\u2019\u00c9glise<\/h2>\n\n\n\n<p>Anim\u00e9es par Vincent LALANNE \u2013 mail&nbsp;: <a href=\"mailto:lalanne.vincent@orange.fr\">lalanne.vincent@orange.fr<\/a><\/p>\n\n\n\n<p>autour du th\u00e8me&nbsp;: Comment parle-t-on de la foi aujourd\u2019hui&nbsp;?<\/p>\n\n\n\n<p>avec Dominique Fonlupt, journaliste \u00e0 <em>La Vie<\/em><\/p>\n\n\n\n<p>Les expressions de la foi, de la spiritualit\u00e9 chr\u00e9tienne se formulent dans un langage qui s\u2019est constitu\u00e9 \u00e0 travers le temps par couches successives de termes de l\u2019\u00c9glise, du cat\u00e9chisme et des diff\u00e9rents mouvements chr\u00e9tiens. Cette langue s\u2019est hybrid\u00e9e avec des formulations contemporaines port\u00e9es par nos soci\u00e9t\u00e9s<\/p>\n\n\n\n<p>occidentales, par d\u2019autres spiritualit\u00e9s, et\/ou par les codes du d\u00e9veloppement<\/p>\n\n\n\n<p>personnel, voire du management. Pour d\u00e9crypter ces nouvelles expressions et<\/p>\n\n\n\n<p>chercher ensemble quels sont nos propres mots pour exprimer notre foi, nous<\/p>\n\n\n\n<p>\u00e9changerons \u00e0 partir d\u2019articles de presse de diff\u00e9rents m\u00e9dias chr\u00e9tiens et<\/p>\n\n\n\n<p>partagerons nos mots. Peut-\u00eatre trouverons-nous ensemble un nouveau langage qui nous relie&nbsp;?<\/p>\n\n\n\n<p class=\"has-pale-ocean-gradient-background has-background\">Mardi 14 octobre 2025 \u00e0 20h30.<\/p>\n\n\n\n<p><strong>Pas d\u2019inscription, libre participation aux frais <\/strong>(minimum 10 \u20ac par personne).<\/p>\n\n\n\n<h2 class=\"wp-block-heading\" id=\"pp5\">&gt;&gt;&gt;<\/h2>\n\n\n\n<h2 class=\"wp-block-heading has-header-gradient-color has-text-color has-link-color wp-elements-305077a76ba2e69573fb1b448276d65f\">Proposition n\u00b0 5&nbsp;: Formations-Partage avec le groupe Galates-Essonne<\/h2>\n\n\n\n<p class=\"has-pale-ocean-gradient-background has-background\">&#8211; Samedi 11 octobre 2025 : \u00ab\u00a0\u00eatre pr\u00e9sent dans les lieux de solidarit\u00e9\u00a0\u00bb<\/p>\n\n\n\n<p class=\"has-pale-ocean-gradient-background has-background\">&#8211; Samedi 15 novembre 2025&nbsp;: \u00ab\u00a0le myst\u00e8re de la r\u00e9demption : la croix et nos p\u00e9ch\u00e9s\u00a0\u00bb<\/p>\n\n\n\n<p class=\"has-pale-ocean-gradient-background has-background\">&#8211; Samedi 6 d\u00e9cembre 2025&nbsp;: \u00ab\u00a0comment foi et science s\u2019interpellent\u00a0\u00bb<\/p>\n\n\n\n<p><strong>Pas d\u2019inscription, libre participation aux frais <\/strong>(minimum 5 \u20ac par personne).<\/p>\n\n\n\n<h2 class=\"wp-block-heading\" id=\"pp6\">&gt;&gt;&gt;<\/h2>\n\n\n\n<h2 class=\"wp-block-heading has-header-gradient-color has-text-color has-link-color wp-elements-b820d73c50916df51e98e9a16545fdc2\">Proposition n\u00b0 6&nbsp;: \u00c0 l\u2019\u00e9coute de Psaumes en musique <\/h2>\n\n\n\n<h3 class=\"wp-block-heading has-header-gradient-color has-text-color has-link-color wp-elements-698fc8713f68efc15e2095b923fac32d\">avec Barbara POLACCHI<\/h3>\n\n\n\n<p>\u00ab&nbsp;<em>L&rsquo;avancement de la musique est comme la lumi\u00e8re qui entre dans le d\u00e9roulement de notre journ\u00e9e<\/em>&nbsp;\u00bb P. Giussani.<\/p>\n\n\n\n<p>Notre r\u00e9alit\u00e9 humaine est souvent encline \u00e0 des interrogations, des appels, des esp\u00e9rances \u2026 Les Psaumes sont des po\u00e8mes d\u2019hier qui pourtant nous parlent aujourd\u2019hui. Des compositeurs les ont mis en musique. Nous prendrons le temps&nbsp;: les lire, les \u00e9couter et expliquer la proposition des musiciens feront de ce moment un temps d\u2019\u00e9changes sur ce qu\u2019ils nous disent pour notre vie.<\/p>\n\n\n\n<p class=\"has-pale-ocean-gradient-background has-background\">6a) Jeudi 6 novembre 2025 de 14h \u00e0 17h Psaume 23 (22)<\/p>\n\n\n\n<p class=\"has-pale-ocean-gradient-background has-background\">6b) Mardi 3 f\u00e9vrier 2026 de 9h30 \u00e0 12h30 Psaume 127 (126)<\/p>\n\n\n\n<p class=\"has-pale-ocean-gradient-background has-background\">6c) Mardi 5 mai 2026 de 9h30 \u00e0 12h30 Psaume 130 (129)<\/p>\n\n\n\n<p class=\"has-white-background-color has-background\"><strong><a href=\"http:\/\/www.benedictinsetiolles.org\/wp-content\/uploads\/2025\/07\/bulletin.pdf\">Inscription obligatoire.<\/a> Participation aux frais&nbsp;: 20 \u20ac par rencontre<\/strong><\/p>\n\n\n\n<h2 class=\"wp-block-heading\" id=\"pp7\">&gt;&gt;&gt;<\/h2>\n\n\n\n<h2 class=\"wp-block-heading has-header-gradient-color has-text-color has-link-color wp-elements-cf000e094c1ce538d2fbd933a043cf88\">Proposition n\u00b0 7&nbsp;: Dansons la Vie <\/h2>\n\n\n\n<h3 class=\"wp-block-heading has-header-gradient-color has-text-color has-link-color wp-elements-f87b2de3f931aa3902f2bc8309f09ddf\">avec Gudrun LESAGE et Isabelle CARROU\u00c9E<\/h3>\n\n\n\n<p>Les danses en cercle ont \u00e9t\u00e9 dans de nombreux pays un moyen d\u2019exprimer de mani\u00e8re symbolique des fa\u00e7ons d\u2019\u00eatre au monde&nbsp;: cheminer dans la vie, aller vers son centre, reconna\u00eetre et louer plus grand que soi\u2026 Sur des musiques qui portent \u00e0 l\u2019int\u00e9riorit\u00e9, danser ensemble construit une harmonie, nous invite \u00e0 une communion.<\/p>\n\n\n\n<p>Les danses sur des pas tr\u00e8s simples, permettent aux personnes de toutes conditions physiques de participer.<\/p>\n\n\n\n<p class=\"has-pale-ocean-gradient-background has-background\">7a) Mercredi 19 novembre 2025 de 14h \u00e0 17h<\/p>\n\n\n\n<p class=\"has-pale-ocean-gradient-background has-background\">7b) mercredi 18 mars 2026 de 14h \u00e0 17h<\/p>\n\n\n\n<p><strong><a href=\"http:\/\/www.benedictinsetiolles.org\/wp-content\/uploads\/2025\/07\/bulletin.pdf\">Inscription obligatoire.<\/a> Participation aux frais&nbsp;: 20 \u20ac par rencontre<\/strong><\/p>\n\n\n\n<h2 class=\"wp-block-heading\" id=\"pp8\">&gt;&gt;&gt;<\/h2>\n\n\n\n<h2 class=\"wp-block-heading has-header-gradient-color has-text-color has-link-color wp-elements-f8f3df870ba89a2c68fe64632805570c\">Proposition n\u00b0 8&nbsp;: Arpenter le livre \u00ab&nbsp;L\u2019apr\u00e8s-midi du christianisme&nbsp;\u00bb de Tom\u00e1s Hal\u00edk <\/h2>\n\n\n\n<h3 class=\"wp-block-heading has-header-gradient-color has-text-color has-link-color wp-elements-106fc81f7f4fd6a7daf7e98cf724400e\">avec Vincent LALANNE<\/h3>\n\n\n\n<p>Philosophe et th\u00e9ologien, le p\u00e8re Tom\u00e1s Hal\u00edk est un auteur tch\u00e8que dont les livres sont traduits en dix-neuf langues.<\/p>\n\n\n\n<p>Dans \u00ab&nbsp;L\u2019apr\u00e8s-midi du christianisme&nbsp;\u00bb, l\u2019auteur invite les hommes et les femmes de bonne volont\u00e9 \u00e0 contempler l\u2019au-del\u00e0.<\/p>\n\n\n\n<p>Cet essai puissant nous interpelle et nous invite \u00e0 grandir et vaut bien un arpentage collectif&#8230; Pas besoin de l\u2019avoir lu avant&nbsp;!<\/p>\n\n\n\n<p class=\"has-pale-ocean-gradient-background has-background\">Le samedi 17 janvier 2026 de 9h30 \u00e0 16h30.<\/p>\n\n\n\n<p><strong><a href=\"http:\/\/www.benedictinsetiolles.org\/wp-content\/uploads\/2025\/07\/bulletin.pdf\">Inscription obligatoire.<\/a> Participation aux frais&nbsp;: 45 \u20ac <\/strong>(repas compris)<\/p>\n\n\n\n<h2 class=\"wp-block-heading\" id=\"pp9\">&gt;&gt;&gt;<\/h2>\n\n\n\n<h2 class=\"wp-block-heading has-header-gradient-color has-text-color has-link-color wp-elements-ccadf1c197b6d332ce5becd7dbf73bfb\">Proposition n\u00b0 9&nbsp;: \u00ab&nbsp;Hypocrites, les pharisiens&nbsp;?&nbsp;\u00bb <\/h2>\n\n\n\n<h3 class=\"wp-block-heading has-header-gradient-color has-text-color has-link-color wp-elements-5bc81eb9a08cc6572b4e35042612aad4\">avec \u00c9lisabeth MARTIN et Fr. Daniel<\/h3>\n\n\n\n<p>Les Pharisiens ont mauvaise presse. Les \u00c9vangiles les d\u00e9peignent comme hypocrites, tatillons sur les observances de la Loi, voire r\u00e9solument hostiles \u00e0 J\u00e9sus. Mais m\u00e9ritent-ils d&rsquo;\u00eatre ainsi identifi\u00e9s ? Ne seraient-ils pas les victimes d&rsquo;une image fauss\u00e9e globalisante et injuste ? N&rsquo;ont-ils pas jou\u00e9 un r\u00f4le primordial en ce qui concerne la compr\u00e9hension et la transmission des \u00c9critures ?<\/p>\n\n\n\n<p class=\"has-pale-ocean-gradient-background has-background\">Le samedi 24 janvier 2026 de 9h30 \u00e0 17h.<\/p>\n\n\n\n<p><strong><a href=\"http:\/\/www.benedictinsetiolles.org\/wp-content\/uploads\/2025\/07\/bulletin.pdf\">Inscription obligatoire.<\/a> Participation aux frais&nbsp;: 45 \u20ac <\/strong>(repas compris)<\/p>\n\n\n\n<h2 class=\"wp-block-heading\" id=\"pp10\">&gt;&gt;&gt;<\/h2>\n\n\n\n<h2 class=\"wp-block-heading has-header-gradient-color has-text-color has-link-color wp-elements-8f013690ac57c0c0a5dae6830d3457f5\">Proposition n\u00b0 10&nbsp;: Paroles en libert\u00e9 avec <\/h2>\n\n\n\n<h3 class=\"wp-block-heading has-header-gradient-color has-text-color has-link-color wp-elements-e00f5da2edc040ca4900f57a1315094a\">Fr. Daniel HUBERT<\/h3>\n\n\n\n<p>Il arrive qu\u2019on r\u00eave d\u2019un moment, d\u2019un espace de libre parole pour aller au plus loin de ce que l\u2019on pense, avec la s\u00e9curit\u00e9 et la confiance de quelques autres permettant cela. Autour d\u2019un ap\u00e9ritif puis d\u2019un repas partag\u00e9 \u00e0 partir de ce que chacun aura apport\u00e9, les \u00e9changes nous permettent d\u2019\u00eatre vivants et libres dans nos paroles&nbsp;!<\/p>\n\n\n\n<p class=\"has-white-background-color has-background\">Les dimanches apr\u00e8s la messe (vers midi)&nbsp;:<\/p>\n\n\n\n<p class=\"has-pale-ocean-gradient-background has-background\">19 octobre, 16 novembre et 7 d\u00e9cembre 2025,<\/p>\n\n\n\n<p class=\"has-pale-ocean-gradient-background has-background\">11 janvier, 8 f\u00e9vrier, 8 mars, 12 avril, 3 mai et 7 juin 2026<\/p>\n\n\n\n<p class=\"has-white-background-color has-background\"><strong>Pas d\u2019inscription, venez comme \u00e7a vous chante&nbsp;!<\/strong><\/p>\n\n\n\n<h2 class=\"wp-block-heading\" id=\"pp11\">&gt;&gt;&gt;<\/h2>\n\n\n\n<h2 class=\"wp-block-heading has-header-gradient-color has-text-color has-link-color wp-elements-21fd7cfb5c27aa6fc7c5bd4a774c162e\">Proposition n\u00b0 11&nbsp;: \u00ab&nbsp;Vieillir, une \u00e9preuve, une aventure, une d\u00e9couverte&nbsp;?&nbsp;\u00bb<\/h2>\n\n\n\n<h3 class=\"wp-block-heading has-header-gradient-color has-text-color has-link-color wp-elements-7ab2dda8a73cecaf2f8be003c744440e\">avec Fran\u00e7oise LARDY et Fr. Daniel HUBERT<\/h3>\n\n\n\n<p>La question qui s\u2019ouvre interroge la vie de chacun d\u2019entre nous, comme la soci\u00e9t\u00e9.<\/p>\n\n\n\n<p>\u00c0 partir de l\u2019exp\u00e9rience de chacun des participants, nous essayerons d\u2019\u00e9claircir cette r\u00e9alit\u00e9 de la vie, pour tenter de traverser ce r\u00e9el au mieux.<\/p>\n\n\n\n<p class=\"has-pale-ocean-gradient-background has-background\">Le samedi 21 f\u00e9vrier 2026 de 9h30 \u00e0 17h<\/p>\n\n\n\n<p><strong><a href=\"http:\/\/www.benedictinsetiolles.org\/wp-content\/uploads\/2025\/07\/bulletin.pdf\">Inscription obligatoire.<\/a> Participation aux frais&nbsp;: 45 \u20ac <\/strong>(repas compris)<\/p>\n\n\n\n<h2 class=\"wp-block-heading\" id=\"pp12\">&gt;&gt;&gt;<\/h2>\n\n\n\n<h2 class=\"wp-block-heading has-header-gradient-color has-text-color has-link-color wp-elements-619eb6ccfa70d0f608e8b44d9cfd84e4\">Proposition n\u00b0 12&nbsp;: l\u2019accompagnement spirituel <\/h2>\n\n\n\n<h3 class=\"wp-block-heading has-header-gradient-color has-text-color has-link-color wp-elements-1c15a559242d1e9caf2e002348509e7d\">avec Fr. Daniel HUBERT<\/h3>\n\n\n\n<p class=\"has-pale-ocean-gradient-background has-background\">Le samedi 21 mars 2026 de 9h30 \u00e0 17h<\/p>\n\n\n\n<p><strong><a href=\"http:\/\/www.benedictinsetiolles.org\/wp-content\/uploads\/2025\/07\/bulletin.pdf\">Inscription obligatoire.<\/a> Participation aux frais&nbsp;: 45 \u20ac <\/strong>(repas compris)<\/p>\n\n\n\n<p><\/p>\n\n\n\n<p>&#8212;&#8212;&#8212;&#8212;&#8212;&#8212;&#8212;&#8212;&#8212;&#8212;&#8212;&#8212;&#8212;&#8212;&#8212;&#8212;&#8212;&#8212;&#8212;&#8212;&#8212;&#8212;&#8212;&#8212;&#8212;&#8212;&#8212;&#8212;&#8212;&#8212;&#8212;&#8212;&#8212;&#8212;&#8212;&#8211;<\/p>\n\n\n\n<p class=\"has-white-color has-luminous-dusk-gradient-background has-text-color has-background has-link-color wp-elements-d5d4857c4afc81414a58fc80a024cc82\"><strong><a href=\"http:\/\/www.benedictinsetiolles.org\/wp-content\/uploads\/2025\/07\/bulletin.pdf\">Bulletin d&rsquo;inscription <\/a>\u00e0 envoyer \u00e0 l\u2019attention de Laurence JACQUEMARD<\/strong> : <\/p>\n\n\n\n<p class=\"has-white-color has-luminous-dusk-gradient-background has-text-color has-background has-link-color wp-elements-bb19e2606ad793ec976bd032325d0c56\"><strong>Prieur\u00e9 Saint Beno\u00eet 1 all\u00e9e Saint Beno\u00eet &#8211; 91450 Etiolles. <\/strong><\/p>\n\n\n\n<p><\/p>\n","protected":false},"excerpt":{"rendered":"<p>PROGRAMME DES PROPOSITIONS 2025 &#8211; 2026 DU PRIEUR\u00c9 SAINT BENO\u00ceT Contact &gt;&gt;&gt; Proposition n\u00b0 1&nbsp;: Une lecture de l\u2019\u00e9vangile de Jean avec Fr. Paul L\u2019\u00c9vangile selon Saint Jean\u2026 un texte souvent tenu pour difficile et, cependant, d\u2019une richesse extraordinaire. Il est bien connu que le quatri\u00e8me \u00e9vangile ne parle pas [&hellip;]<\/p>\n","protected":false},"author":1,"featured_media":5858,"comment_status":"open","ping_status":"open","sticky":false,"template":"","format":"standard","meta":{"footnotes":""},"categories":[12],"tags":[],"class_list":["post-7415","post","type-post","status-publish","format-standard","has-post-thumbnail","hentry","category-propositions"],"_links":{"self":[{"href":"http:\/\/www.benedictinsetiolles.org\/index.php\/wp-json\/wp\/v2\/posts\/7415","targetHints":{"allow":["GET"]}}],"collection":[{"href":"http:\/\/www.benedictinsetiolles.org\/index.php\/wp-json\/wp\/v2\/posts"}],"about":[{"href":"http:\/\/www.benedictinsetiolles.org\/index.php\/wp-json\/wp\/v2\/types\/post"}],"author":[{"embeddable":true,"href":"http:\/\/www.benedictinsetiolles.org\/index.php\/wp-json\/wp\/v2\/users\/1"}],"replies":[{"embeddable":true,"href":"http:\/\/www.benedictinsetiolles.org\/index.php\/wp-json\/wp\/v2\/comments?post=7415"}],"version-history":[{"count":24,"href":"http:\/\/www.benedictinsetiolles.org\/index.php\/wp-json\/wp\/v2\/posts\/7415\/revisions"}],"predecessor-version":[{"id":7564,"href":"http:\/\/www.benedictinsetiolles.org\/index.php\/wp-json\/wp\/v2\/posts\/7415\/revisions\/7564"}],"wp:featuredmedia":[{"embeddable":true,"href":"http:\/\/www.benedictinsetiolles.org\/index.php\/wp-json\/wp\/v2\/media\/5858"}],"wp:attachment":[{"href":"http:\/\/www.benedictinsetiolles.org\/index.php\/wp-json\/wp\/v2\/media?parent=7415"}],"wp:term":[{"taxonomy":"category","embeddable":true,"href":"http:\/\/www.benedictinsetiolles.org\/index.php\/wp-json\/wp\/v2\/categories?post=7415"},{"taxonomy":"post_tag","embeddable":true,"href":"http:\/\/www.benedictinsetiolles.org\/index.php\/wp-json\/wp\/v2\/tags?post=7415"}],"curies":[{"name":"wp","href":"https:\/\/api.w.org\/{rel}","templated":true}]}}